{"id":3,"date":"2021-01-02T11:00:00","date_gmt":"2021-01-02T10:00:00","guid":{"rendered":"http:\/\/253675.w75.wedos.ws\/wordpress\/?p=1"},"modified":"2025-11-07T19:16:56","modified_gmt":"2025-11-07T18:16:56","slug":"ahoj-vsichni","status":"publish","type":"post","link":"https:\/\/jajsemja.cz\/wordpress\/?p=3","title":{"rendered":"Hezk\u00fd den v\u0161em!"},"content":{"rendered":"\n<figure class=\"wp-block-image size-large\"><img loading=\"lazy\" decoding=\"async\" width=\"195\" height=\"278\" src=\"https:\/\/jajsemja.cz\/wordpress\/wp-content\/uploads\/2020\/12\/integrovana_psychoterapie_v_akci01-1.jpg\" alt=\"\" class=\"wp-image-56\"\/><\/figure>\n\n\n\n<p><strong>Zdrav\u00edm n\u00e1v\u0161t\u011bvn\u00edky str\u00e1nek a p\u0159eji v\u0161em hezk\u00fd den<\/strong>.<\/p>\n\n\n\n<p><\/p>\n\n\n\n<p>T\u00fddenn\u00ed kurzy prob\u00edhaj\u00ed v kr\u00e1sn\u00e9m prost\u0159ed\u00ed za\u0159\u00edzen\u00ed pro pobyt osob s poruchami autistick\u00e9ho spektra (b\u00fdval\u00e1 fara) ve Chval\u0161in\u00e1ch u \u010cesk\u00e9ho Krumlova. M\u00edsto pro kurz si m\u016f\u017eete prohl\u00e9dnout <a href=\"https:\/\/www.nadaceadelaida.cz\/\" target=\"_blank\" rel=\"noreferrer noopener\">zde<\/a>.<\/p>\n\n\n\n<p>V\u00edkendov\u00e9 kurzy jsou um\u00edst\u011bny do p\u0159ekr\u00e1sn\u00e9ho prost\u0159ed\u00ed \u010cesk\u00e9ho Krumlova.<\/p>\n","protected":false},"excerpt":{"rendered":"<p>Zdrav\u00edm n\u00e1v\u0161t\u011bvn\u00edky str\u00e1nek a p\u0159eji v\u0161em hezk\u00fd den. T\u00fddenn\u00ed kurzy prob\u00edhaj\u00ed v kr\u00e1sn\u00e9m prost\u0159ed\u00ed za\u0159\u00edzen\u00ed pro pobyt osob s poruchami autistick\u00e9ho spektra (b\u00fdval\u00e1 fara) ve Chval\u0161in\u00e1ch u \u010cesk\u00e9ho Krumlova. M\u00edsto pro kurz si m\u016f\u017eete prohl\u00e9dnout zde. V\u00edkendov\u00e9 kurzy jsou um\u00edst\u011bny do p\u0159ekr\u00e1sn\u00e9ho prost\u0159ed\u00ed \u010cesk\u00e9ho Krumlova.<\/p>\n","protected":false},"author":1,"featured_media":0,"comment_status":"open","ping_status":"open","sticky":false,"template":"","format":"standard","meta":{"footnotes":""},"categories":[1],"tags":[],"class_list":["post-3","post","type-post","status-publish","format-standard","hentry","category-nezarazene","entry"],"_links":{"self":[{"href":"https:\/\/jajsemja.cz\/wordpress\/index.php?rest_route=\/wp\/v2\/posts\/3","targetHints":{"allow":["GET"]}}],"collection":[{"href":"https:\/\/jajsemja.cz\/wordpress\/index.php?rest_route=\/wp\/v2\/posts"}],"about":[{"href":"https:\/\/jajsemja.cz\/wordpress\/index.php?rest_route=\/wp\/v2\/types\/post"}],"author":[{"embeddable":true,"href":"https:\/\/jajsemja.cz\/wordpress\/index.php?rest_route=\/wp\/v2\/users\/1"}],"replies":[{"embeddable":true,"href":"https:\/\/jajsemja.cz\/wordpress\/index.php?rest_route=%2Fwp%2Fv2%2Fcomments&post=3"}],"version-history":[{"count":6,"href":"https:\/\/jajsemja.cz\/wordpress\/index.php?rest_route=\/wp\/v2\/posts\/3\/revisions"}],"predecessor-version":[{"id":173,"href":"https:\/\/jajsemja.cz\/wordpress\/index.php?rest_route=\/wp\/v2\/posts\/3\/revisions\/173"}],"wp:attachment":[{"href":"https:\/\/jajsemja.cz\/wordpress\/index.php?rest_route=%2Fwp%2Fv2%2Fmedia&parent=3"}],"wp:term":[{"taxonomy":"category","embeddable":true,"href":"https:\/\/jajsemja.cz\/wordpress\/index.php?rest_route=%2Fwp%2Fv2%2Fcategories&post=3"},{"taxonomy":"post_tag","embeddable":true,"href":"https:\/\/jajsemja.cz\/wordpress\/index.php?rest_route=%2Fwp%2Fv2%2Ftags&post=3"}],"curies":[{"name":"wp","href":"https:\/\/api.w.org\/{rel}","templated":true}]}}